{"id":7261,"date":"2018-04-12T11:33:31","date_gmt":"2018-04-12T16:33:31","guid":{"rendered":"http:\/\/academia.utp.edu.co\/extensiondeportes\/?p=7261"},"modified":"2018-04-16T11:18:33","modified_gmt":"2018-04-16T16:18:33","slug":"i-congreso-de-derecho-deportivo","status":"publish","type":"post","link":"https:\/\/academia.utp.edu.co\/extensiondeportes\/i-congreso-de-derecho-deportivo\/","title":{"rendered":"I CONGRESO DE DERECHO DEPORTIVO"},"content":{"rendered":"<div dir=\"ltr\">&nbsp;<span style=\"font-family: 'arial narrow', sans-serif;font-size: large\"><a href=\"https:\/\/academia.utp.edu.co\/extensiondeportes\/files\/2017\/04\/IMG-20180209-WA0012.jpg\"><img loading=\"lazy\" decoding=\"async\" class=\"size-medium wp-image-6891 aligncenter\" src=\"https:\/\/academia.utp.edu.co\/extensiondeportes\/files\/2017\/04\/IMG-20180209-WA0012-300x210.jpg\" alt=\"\" width=\"300\" height=\"210\"><\/a><\/span><\/div>\n<div dir=\"ltr\">&nbsp;<\/div>\n<div dir=\"ltr\"><span style=\"font-family: 'arial narrow', sans-serif;font-size: large\">La Universidad Tecnol\u00f3gica de Pereira, La Especializaci\u00f3n de Gerencia en Deporte, el Programa Ciencias del Deporte y la Recreaci\u00f3n y el Grupo de Investigaci\u00f3n en Gerencia del Deporte \u201cGIGEDE\u201d, los invita a participar en el<b>&nbsp;I CONGRESO DE DERECHO DEPORTIVO<\/b>, que se llevar\u00e1 a cabo los d\u00edas 4,5 y&nbsp;<a>6 de mayo<\/a>&nbsp;en las instalaciones de la Universidad Tecnol\u00f3gica de Pereira.<\/span><\/div>\n<div dir=\"ltr\">&nbsp;<\/div>\n<div dir=\"ltr\">\n<p>Es un evento dirigido a estudiantes, docentes, profesionales, licenciados y dem\u00e1s personas vinculadas al sector deportivo del pa\u00eds, enfoc\u00e1ndose en las l\u00ednea del DERECHO DEPORTIVO. Dentro de sus objetivos de desarrollo, se encuentran:<\/p>\n<div class=\"WordSection1\">\n<ol>\n<li>Reunir a los profesionales y l\u00edderes del&nbsp; Derecho deportivo a nivel nacional con el objetivo de establecer y fortalecer redes acad\u00e9micas .<\/li>\n<li>Intercambiar criterios sobre el marco conceptual, filos\u00f3fico, y educativo del derecho deportivo, de los procesos en el campo del deporte, la recreaci\u00f3n y la actividad f\u00edsica.<\/li>\n<li>Reflexionar en el accionar del derecho deportivo, su importancia para el desarrollo efectivo del deporte.&nbsp;<\/li>\n<li>Concienciar acerca de la importancia de la formaci\u00f3n en el \u00e1rea del derecho deportivo &nbsp;para los dirigentes. &nbsp;<\/li>\n<\/ol>\n<\/div>\n<\/div>\n<div dir=\"ltr\">\n<p>Las l\u00edneas tem\u00e1ticas son:&nbsp;<\/p>\n<ul>\n<li>Deporte Aficionado.<\/li>\n<li>Deporte Profesional.<\/li>\n<li>Control al Dopaje.<\/li>\n<li>Regulaci\u00f3n de los E-sports .<\/li>\n<li>Mecanismos para le resoluci\u00f3n de conflictos en el deporte.<\/li>\n<\/ul>\n<p style=\"text-align: center\"><a href=\"https:\/\/academia.utp.edu.co\/extensiondeportes\/i-congreso-nacional-de-derecho-deportivo\/\">I CONGRESO DE DERECHO DEPORTIVO<\/a>&nbsp; &nbsp;&nbsp;<\/p>\n<p>&nbsp;<\/p>\n<div style=\"width: 1024px;\" class=\"wp-video\"><video class=\"wp-video-shortcode\" id=\"video-7261-1\" width=\"1024\" height=\"720\" preload=\"metadata\" controls=\"controls\"><source type=\"video\/mp4\" src=\"https:\/\/academia.utp.edu.co\/extensiondeportes\/files\/2018\/04\/INVITACI\u00d3N-RMG.mp4?_=1\" \/><a href=\"https:\/\/academia.utp.edu.co\/extensiondeportes\/files\/2018\/04\/INVITACI\u00d3N-RMG.mp4\">https:\/\/academia.utp.edu.co\/extensiondeportes\/files\/2018\/04\/INVITACI\u00d3N-RMG.mp4<\/a><\/video><\/div>\n<p>&nbsp;<\/p>\n<p style=\"text-align: center\">Haz clic en la imagen para una mejor vista.<a href=\"https:\/\/academia.utp.edu.co\/extensiondeportes\/files\/2018\/04\/POSTER-10x16-1.jpg\"><br \/>\n<img loading=\"lazy\" decoding=\"async\" class=\"size-medium wp-image-6981 aligncenter\" src=\"https:\/\/academia.utp.edu.co\/extensiondeportes\/files\/2018\/04\/POSTER-10x16-1-188x300.jpg\" alt=\"\" width=\"188\" height=\"300\" srcset=\"https:\/\/academia.utp.edu.co\/extensiondeportes\/files\/2018\/04\/POSTER-10x16-1-188x300.jpg 188w, https:\/\/academia.utp.edu.co\/extensiondeportes\/files\/2018\/04\/POSTER-10x16-1-640x1024.jpg 640w, https:\/\/academia.utp.edu.co\/extensiondeportes\/files\/2018\/04\/POSTER-10x16-1-250x400.jpg 250w, https:\/\/academia.utp.edu.co\/extensiondeportes\/files\/2018\/04\/POSTER-10x16-1.jpg 720w\" sizes=\"auto, (max-width: 188px) 100vw, 188px\" \/><\/a><\/p>\n<\/div>\n","protected":false},"excerpt":{"rendered":"<p>&nbsp; &nbsp; La Universidad Tecnol\u00f3gica de Pereira, La Especializaci\u00f3n de Gerencia en Deporte, el Programa Ciencias del Deporte y la Recreaci\u00f3n y el Grupo de Investigaci\u00f3n en Gerencia del Deporte [&hellip;]<\/p>\n","protected":false},"author":851,"featured_media":7451,"comment_status":"open","ping_status":"open","sticky":false,"template":"","format":"standard","meta":{"_EventAllDay":false,"_EventTimezone":"","_EventStartDate":"","_EventEndDate":"","_EventStartDateUTC":"","_EventEndDateUTC":"","_EventShowMap":false,"_EventShowMapLink":false,"_EventURL":"","_EventCost":"","_EventCostDescription":"","_EventCurrencySymbol":"","_EventCurrencyCode":"","_EventCurrencyPosition":"","_EventDateTimeSeparator":"","_EventTimeRangeSeparator":"","_EventOrganizerID":[],"_EventVenueID":[],"_OrganizerEmail":"","_OrganizerPhone":"","_OrganizerWebsite":"","_VenueAddress":"","_VenueCity":"","_VenueCountry":"","_VenueProvince":"","_VenueState":"","_VenueZip":"","_VenuePhone":"","_VenueURL":"","_VenueStateProvince":"","_VenueLat":"","_VenueLng":"","_VenueShowMap":false,"_VenueShowMapLink":false,"footnotes":""},"categories":[1],"tags":[],"class_list":["post-7261","post","type-post","status-publish","format-standard","has-post-thumbnail","hentry","category-extension"],"_links":{"self":[{"href":"https:\/\/academia.utp.edu.co\/extensiondeportes\/wp-json\/wp\/v2\/posts\/7261","targetHints":{"allow":["GET"]}}],"collection":[{"href":"https:\/\/academia.utp.edu.co\/extensiondeportes\/wp-json\/wp\/v2\/posts"}],"about":[{"href":"https:\/\/academia.utp.edu.co\/extensiondeportes\/wp-json\/wp\/v2\/types\/post"}],"author":[{"embeddable":true,"href":"https:\/\/academia.utp.edu.co\/extensiondeportes\/wp-json\/wp\/v2\/users\/851"}],"replies":[{"embeddable":true,"href":"https:\/\/academia.utp.edu.co\/extensiondeportes\/wp-json\/wp\/v2\/comments?post=7261"}],"version-history":[{"count":7,"href":"https:\/\/academia.utp.edu.co\/extensiondeportes\/wp-json\/wp\/v2\/posts\/7261\/revisions"}],"predecessor-version":[{"id":7441,"href":"https:\/\/academia.utp.edu.co\/extensiondeportes\/wp-json\/wp\/v2\/posts\/7261\/revisions\/7441"}],"wp:featuredmedia":[{"embeddable":true,"href":"https:\/\/academia.utp.edu.co\/extensiondeportes\/wp-json\/wp\/v2\/media\/7451"}],"wp:attachment":[{"href":"https:\/\/academia.utp.edu.co\/extensiondeportes\/wp-json\/wp\/v2\/media?parent=7261"}],"wp:term":[{"taxonomy":"category","embeddable":true,"href":"https:\/\/academia.utp.edu.co\/extensiondeportes\/wp-json\/wp\/v2\/categories?post=7261"},{"taxonomy":"post_tag","embeddable":true,"href":"https:\/\/academia.utp.edu.co\/extensiondeportes\/wp-json\/wp\/v2\/tags?post=7261"}],"curies":[{"name":"wp","href":"https:\/\/api.w.org\/{rel}","templated":true}]}}