{"id":2921,"date":"2018-08-14T16:04:05","date_gmt":"2018-08-14T16:04:05","guid":{"rendered":"http:\/\/academia.utp.edu.co\/gipemac\/?p=2921"},"modified":"2018-11-20T15:40:35","modified_gmt":"2018-11-20T15:40:35","slug":"6-congreso-internacional-de-etnomatematica-saberesdiversidad-y-paz","status":"publish","type":"post","link":"https:\/\/academia.utp.edu.co\/gipemac\/2018\/08\/14\/6-congreso-internacional-de-etnomatematica-saberesdiversidad-y-paz\/","title":{"rendered":"6 CONGRESO INTERNACIONAL  DE ETNOMATEM\u00c1TICA SABERES,DIVERSIDAD Y PAZ"},"content":{"rendered":"<p>El International&nbsp; Study Group on&nbsp; Ethnomathematics-ISGEM, la Red latinoamericana de Etnomatem\u00e1tica -RELAET y la Facultad de Educaci\u00f3n de la Universidad de Antioquia, invita profesores, estudiantes e investigadores en Etnomatem\u00e1tica&nbsp; del mundo, a participar del 6 congreso Internacional&nbsp; de Etnomatem\u00e1tica ICEm-6 que se realizara en las instalaciones de la universidad de Antioquia, campus principal. Medellin Colombia&nbsp; del 8 al 13 de julio 2018.<a href=\"https:\/\/academia.utp.edu.co\/gipemac\/files\/2018\/08\/congreso-internacional.png\"><img loading=\"lazy\" decoding=\"async\" class=\"alignnone size-medium wp-image-3301\" src=\"https:\/\/academia.utp.edu.co\/gipemac\/files\/2018\/08\/congreso-internacional-300x122.png\" alt=\"\" width=\"300\" height=\"122\" srcset=\"https:\/\/academia.utp.edu.co\/gipemac\/files\/2018\/08\/congreso-internacional-300x122.png 300w, https:\/\/academia.utp.edu.co\/gipemac\/files\/2018\/08\/congreso-internacional-768x312.png 768w, https:\/\/academia.utp.edu.co\/gipemac\/files\/2018\/08\/congreso-internacional-1024x416.png 1024w, https:\/\/academia.utp.edu.co\/gipemac\/files\/2018\/08\/congreso-internacional-250x102.png 250w\" sizes=\"auto, (max-width: 300px) 100vw, 300px\" \/><\/a><\/p>\n","protected":false},"excerpt":{"rendered":"<p>El International&nbsp; Study Group on&nbsp; Ethnomathematics-ISGEM, la Red latinoamericana de Etnomatem\u00e1tica -RELAET y la Facultad de Educaci\u00f3n de la Universidad de Antioquia, invita profesores, estudiantes e investigadores en Etnomatem\u00e1tica&nbsp; del <a href=\"https:\/\/academia.utp.edu.co\/gipemac\/2018\/08\/14\/6-congreso-internacional-de-etnomatematica-saberesdiversidad-y-paz\/\" rel=\"nofollow\"><span class=\"sr-only\">Leer m\u00e1s6 CONGRESO INTERNACIONAL  DE ETNOMATEM\u00c1TICA SABERES,DIVERSIDAD Y PAZ<\/span>[&hellip;]<\/a><\/p>\n","protected":false},"author":511,"featured_media":3301,"comment_status":"closed","ping_status":"closed","sticky":false,"template":"","format":"standard","meta":{"footnotes":""},"categories":[1],"tags":[],"class_list":["post-2921","post","type-post","status-publish","format-standard","has-post-thumbnail","hentry","category-sin-categoria"],"_links":{"self":[{"href":"https:\/\/academia.utp.edu.co\/gipemac\/wp-json\/wp\/v2\/posts\/2921","targetHints":{"allow":["GET"]}}],"collection":[{"href":"https:\/\/academia.utp.edu.co\/gipemac\/wp-json\/wp\/v2\/posts"}],"about":[{"href":"https:\/\/academia.utp.edu.co\/gipemac\/wp-json\/wp\/v2\/types\/post"}],"author":[{"embeddable":true,"href":"https:\/\/academia.utp.edu.co\/gipemac\/wp-json\/wp\/v2\/users\/511"}],"replies":[{"embeddable":true,"href":"https:\/\/academia.utp.edu.co\/gipemac\/wp-json\/wp\/v2\/comments?post=2921"}],"version-history":[{"count":4,"href":"https:\/\/academia.utp.edu.co\/gipemac\/wp-json\/wp\/v2\/posts\/2921\/revisions"}],"predecessor-version":[{"id":4051,"href":"https:\/\/academia.utp.edu.co\/gipemac\/wp-json\/wp\/v2\/posts\/2921\/revisions\/4051"}],"wp:featuredmedia":[{"embeddable":true,"href":"https:\/\/academia.utp.edu.co\/gipemac\/wp-json\/wp\/v2\/media\/3301"}],"wp:attachment":[{"href":"https:\/\/academia.utp.edu.co\/gipemac\/wp-json\/wp\/v2\/media?parent=2921"}],"wp:term":[{"taxonomy":"category","embeddable":true,"href":"https:\/\/academia.utp.edu.co\/gipemac\/wp-json\/wp\/v2\/categories?post=2921"},{"taxonomy":"post_tag","embeddable":true,"href":"https:\/\/academia.utp.edu.co\/gipemac\/wp-json\/wp\/v2\/tags?post=2921"}],"curies":[{"name":"wp","href":"https:\/\/api.w.org\/{rel}","templated":true}]}}